{"id":542,"count":0,"description":"Bei unseren Veranstaltungen geht es rund ums Thema Kochen, Wohnen und Einrichten. In dieser Rubrik lassen wir Revue passieren, was auf welcher Party ging und zeigen dir, was du verpasst hast \ud83d\ude1c","link":"https:\/\/jancray.de\/en\/events-en\/","name":"Events","slug":"events-en","taxonomy":"category","parent":0,"meta":[],"acf":[],"yoast_head":"<!-- This site is optimized with the Yoast SEO plugin v26.8 - https:\/\/yoast.com\/product\/yoast-seo-wordpress\/ -->\n<title>Events &#8212; JAN CRAY M\u00f6bel &amp; K\u00fcchen<\/title>\n<meta name=\"robots\" content=\"index, follow, max-snippet:-1, max-image-preview:large, max-video-preview:-1\" \/>\n<link rel=\"canonical\" href=\"https:\/\/jancray.de\/en\/events-en\/\" \/>\n<meta property=\"og:locale\" content=\"en_US\" \/>\n<meta property=\"og:type\" content=\"article\" \/>\n<meta property=\"og:title\" content=\"Events &#8212; JAN CRAY M\u00f6bel &amp; K\u00fcchen\" \/>\n<meta property=\"og:description\" content=\"Bei unseren Veranstaltungen geht es rund ums Thema Kochen, Wohnen und Einrichten. In dieser Rubrik lassen wir Revue passieren, was auf welcher Party ging und zeigen dir, was du verpasst hast \ud83d\ude1c\" \/>\n<meta property=\"og:url\" content=\"https:\/\/jancray.de\/en\/events-en\/\" \/>\n<meta property=\"og:site_name\" content=\"JAN CRAY M\u00f6bel &amp; K\u00fcchen\" \/>\n<meta property=\"og:image\" content=\"https:\/\/jancray.de\/wp-content\/uploads\/2021\/04\/Jan-Cray-6Grad-Outdoor-Eiche-4-300dpi-scaled-1.jpg\" \/>\n\t<meta property=\"og:image:width\" content=\"2560\" \/>\n\t<meta property=\"og:image:height\" content=\"1711\" \/>\n\t<meta property=\"og:image:type\" content=\"image\/jpeg\" \/>\n<meta name=\"twitter:card\" content=\"summary_large_image\" \/>\n<script type=\"application\/ld+json\" class=\"yoast-schema-graph\">{\"@context\":\"https:\/\/schema.org\",\"@graph\":[{\"@type\":\"CollectionPage\",\"@id\":\"https:\/\/jancray.de\/en\/events-en\/\",\"url\":\"https:\/\/jancray.de\/en\/events-en\/\",\"name\":\"Events &#8212; JAN CRAY M\u00f6bel &amp; K\u00fcchen\",\"isPartOf\":{\"@id\":\"https:\/\/jancray.de\/en\/#website\"},\"breadcrumb\":{\"@id\":\"https:\/\/jancray.de\/en\/events-en\/#breadcrumb\"},\"inLanguage\":\"en-US\"},{\"@type\":\"BreadcrumbList\",\"@id\":\"https:\/\/jancray.de\/en\/events-en\/#breadcrumb\",\"itemListElement\":[{\"@type\":\"ListItem\",\"position\":1,\"name\":\"Home\",\"item\":\"https:\/\/jancray.de\/en\/\"},{\"@type\":\"ListItem\",\"position\":2,\"name\":\"Events\"}]},{\"@type\":\"WebSite\",\"@id\":\"https:\/\/jancray.de\/en\/#website\",\"url\":\"https:\/\/jancray.de\/en\/\",\"name\":\"JAN CRAY M\u00f6bel &amp; K\u00fcchen\",\"description\":\"M\u00f6bel und K\u00fcchen aus Hamburg\",\"publisher\":{\"@id\":\"https:\/\/jancray.de\/en\/#organization\"},\"potentialAction\":[{\"@type\":\"SearchAction\",\"target\":{\"@type\":\"EntryPoint\",\"urlTemplate\":\"https:\/\/jancray.de\/en\/?s={search_term_string}\"},\"query-input\":{\"@type\":\"PropertyValueSpecification\",\"valueRequired\":true,\"valueName\":\"search_term_string\"}}],\"inLanguage\":\"en-US\"},{\"@type\":\"Organization\",\"@id\":\"https:\/\/jancray.de\/en\/#organization\",\"name\":\"Jan Cray M\u00f6bel & K\u00fcchen\",\"url\":\"https:\/\/jancray.de\/en\/\",\"logo\":{\"@type\":\"ImageObject\",\"inLanguage\":\"en-US\",\"@id\":\"https:\/\/jancray.de\/en\/#\/schema\/logo\/image\/\",\"url\":\"https:\/\/jancray.de\/wp-content\/uploads\/2021\/04\/Jan-Cray-Logo.svg\",\"contentUrl\":\"https:\/\/jancray.de\/wp-content\/uploads\/2021\/04\/Jan-Cray-Logo.svg\",\"width\":100,\"height\":100,\"caption\":\"Jan Cray M\u00f6bel & K\u00fcchen\"},\"image\":{\"@id\":\"https:\/\/jancray.de\/en\/#\/schema\/logo\/image\/\"},\"sameAs\":[\"https:\/\/www.facebook.com\/jancraymoebel\/\",\"https:\/\/www.instagram.com\/jan_cray_moebel_kuechen\/\",\"https:\/\/www.youtube.com\/channel\/UC07FA0pwFOL-FiUU-apB1zw\"]}]}<\/script>\n<!-- \/ Yoast SEO plugin. -->","yoast_head_json":{"title":"Events &#8212; JAN CRAY M\u00f6bel &amp; K\u00fcchen","robots":{"index":"index","follow":"follow","max-snippet":"max-snippet:-1","max-image-preview":"max-image-preview:large","max-video-preview":"max-video-preview:-1"},"canonical":"https:\/\/jancray.de\/en\/events-en\/","og_locale":"en_US","og_type":"article","og_title":"Events &#8212; JAN CRAY M\u00f6bel &amp; K\u00fcchen","og_description":"Bei unseren Veranstaltungen geht es rund ums Thema Kochen, Wohnen und Einrichten. In dieser Rubrik lassen wir Revue passieren, was auf welcher Party ging und zeigen dir, was du verpasst hast \ud83d\ude1c","og_url":"https:\/\/jancray.de\/en\/events-en\/","og_site_name":"JAN CRAY M\u00f6bel &amp; K\u00fcchen","og_image":[{"width":2560,"height":1711,"url":"https:\/\/jancray.de\/wp-content\/uploads\/2021\/04\/Jan-Cray-6Grad-Outdoor-Eiche-4-300dpi-scaled-1.jpg","type":"image\/jpeg"}],"twitter_card":"summary_large_image","schema":{"@context":"https:\/\/schema.org","@graph":[{"@type":"CollectionPage","@id":"https:\/\/jancray.de\/en\/events-en\/","url":"https:\/\/jancray.de\/en\/events-en\/","name":"Events &#8212; JAN CRAY M\u00f6bel &amp; K\u00fcchen","isPartOf":{"@id":"https:\/\/jancray.de\/en\/#website"},"breadcrumb":{"@id":"https:\/\/jancray.de\/en\/events-en\/#breadcrumb"},"inLanguage":"en-US"},{"@type":"BreadcrumbList","@id":"https:\/\/jancray.de\/en\/events-en\/#breadcrumb","itemListElement":[{"@type":"ListItem","position":1,"name":"Home","item":"https:\/\/jancray.de\/en\/"},{"@type":"ListItem","position":2,"name":"Events"}]},{"@type":"WebSite","@id":"https:\/\/jancray.de\/en\/#website","url":"https:\/\/jancray.de\/en\/","name":"JAN CRAY M\u00f6bel &amp; K\u00fcchen","description":"M\u00f6bel und K\u00fcchen aus Hamburg","publisher":{"@id":"https:\/\/jancray.de\/en\/#organization"},"potentialAction":[{"@type":"SearchAction","target":{"@type":"EntryPoint","urlTemplate":"https:\/\/jancray.de\/en\/?s={search_term_string}"},"query-input":{"@type":"PropertyValueSpecification","valueRequired":true,"valueName":"search_term_string"}}],"inLanguage":"en-US"},{"@type":"Organization","@id":"https:\/\/jancray.de\/en\/#organization","name":"Jan Cray M\u00f6bel & K\u00fcchen","url":"https:\/\/jancray.de\/en\/","logo":{"@type":"ImageObject","inLanguage":"en-US","@id":"https:\/\/jancray.de\/en\/#\/schema\/logo\/image\/","url":"https:\/\/jancray.de\/wp-content\/uploads\/2021\/04\/Jan-Cray-Logo.svg","contentUrl":"https:\/\/jancray.de\/wp-content\/uploads\/2021\/04\/Jan-Cray-Logo.svg","width":100,"height":100,"caption":"Jan Cray M\u00f6bel & K\u00fcchen"},"image":{"@id":"https:\/\/jancray.de\/en\/#\/schema\/logo\/image\/"},"sameAs":["https:\/\/www.facebook.com\/jancraymoebel\/","https:\/\/www.instagram.com\/jan_cray_moebel_kuechen\/","https:\/\/www.youtube.com\/channel\/UC07FA0pwFOL-FiUU-apB1zw"]}]}},"_links":{"self":[{"href":"https:\/\/jancray.de\/en\/wp-json\/wp\/v2\/categories\/542","targetHints":{"allow":["GET"]}}],"collection":[{"href":"https:\/\/jancray.de\/en\/wp-json\/wp\/v2\/categories"}],"about":[{"href":"https:\/\/jancray.de\/en\/wp-json\/wp\/v2\/taxonomies\/category"}],"wp:post_type":[{"href":"https:\/\/jancray.de\/en\/wp-json\/wp\/v2\/posts?categories=542"}],"curies":[{"name":"wp","href":"https:\/\/api.w.org\/{rel}","templated":true}]}}